{"id":29,"date":"2018-04-07T09:36:58","date_gmt":"2018-04-07T09:36:58","guid":{"rendered":"http:\/\/www.andre-vallini.com\/?p=29"},"modified":"2018-04-07T09:44:33","modified_gmt":"2018-04-07T09:44:33","slug":"satte-upp-led-panel-i-verkstaden","status":"publish","type":"post","link":"http:\/\/www.andre-vallini.com\/?p=29","title":{"rendered":"Satte upp led panel i verkstaden"},"content":{"rendered":"<p>S\u00e4songen f\u00f6r vintersport \u00e4r p\u00e5 v\u00e4g utf\u00f6r och snart \u00e4r det dags att ta in skotern f\u00f6r underh\u00e5ll. Jag har f\u00f6r en vecka sedan byggt om lite i verkstaden och skapat mig utrymme endast genom att rensa ut lokalen p\u00e5 on\u00f6diga saker som jag inte har anv\u00e4ndning utav. Verkstaden \u00e4r nu ocks\u00e5 b\u00e4ttre belyst \u00e4n tidigare efter jag satt upp nya led lampor i taket. Jag valde <a href=\"https:\/\/svealight.se\/led-panel\/\">led panel<\/a> belysning d\u00e5 jag tycker det \u00e4r snyggt med diskreta och stilrena ljusk\u00e4llor som inte tar upp f\u00f6r mycket plats. En led panel p\u00e5 30W var mer \u00e4n tillr\u00e4ckligt och totalt satte jag upp 10 st led paneler. Enda nackdelen \u00e4r att jag beh\u00f6vde ta hj\u00e4lp av en inhyrd elektriker f\u00f6r jag har ingen som helst kunskap om hur man installerar dessa lampor.<\/p>\n<h2>Inga fler lysr\u00f6r p\u00e5 ett tag<\/h2>\n<p>Ursprungligen hade jag t\u00e4nkt ers\u00e4tta de gamla r\u00f6ren med led r\u00f6r men tyckte inte det var den b\u00e4sta l\u00f6sningen. Ett fluorescerande\u00a0<a href=\"https:\/\/svealight.se\/led-lysror\/\">lysr\u00f6r<\/a> alstrar v\u00e4ldigt mycket v\u00e4rme vilket \u00e4r jobbigt ifall man befinner i verkstaden under varma sommardagar. Visst hade ett lysr\u00f6r med led ocks\u00e5 varit en bra ers\u00e4ttare men paneler ger ett mer modernt intryck samtidigt som de ocks\u00e5 f\u00f6rdelar ljuset j\u00e4mnare \u00f6ver varje kvadratmeter. Jag blev ocks\u00e5 inspirerad av chefens belysningsl\u00f6sning som \u00e4r v\u00e4ldigt lik den ni ser p\u00e5 bilden. I mitt fall blev det snyggare d\u00e5 jag har l\u00e4gre upp i tak vilket ni kommer att kunna se p\u00e5 bilderna jag l\u00e4gger upp i n\u00e4sta inl\u00e4gg.<\/p>\n","protected":false},"excerpt":{"rendered":"<div class=\"entry-summary\">\nS\u00e4songen f\u00f6r vintersport \u00e4r p\u00e5 v\u00e4g utf\u00f6r och snart \u00e4r det dags att ta in skotern f\u00f6r underh\u00e5ll. Jag har f\u00f6r en vecka sedan byggt om lite i verkstaden och skapat mig utrymme endast genom att rensa ut lokalen p\u00e5 on\u00f6diga saker som jag inte har anv\u00e4ndning utav. Verkstaden \u00e4r nu ocks\u00e5 b\u00e4ttre belyst \u00e4n&hellip;\n<\/div>\n<div class=\"link-more\"><a href=\"http:\/\/www.andre-vallini.com\/?p=29\" class=\"more-link\">Continue reading<span class=\"screen-reader-text\"> &ldquo;Satte upp led panel i verkstaden&rdquo;<\/span>&hellip;<\/a><\/div>\n","protected":false},"author":1,"featured_media":31,"comment_status":"closed","ping_status":"open","sticky":false,"template":"","format":"standard","meta":{"footnotes":""},"categories":[3],"tags":[],"_links":{"self":[{"href":"http:\/\/www.andre-vallini.com\/index.php?rest_route=\/wp\/v2\/posts\/29"}],"collection":[{"href":"http:\/\/www.andre-vallini.com\/index.php?rest_route=\/wp\/v2\/posts"}],"about":[{"href":"http:\/\/www.andre-vallini.com\/index.php?rest_route=\/wp\/v2\/types\/post"}],"author":[{"embeddable":true,"href":"http:\/\/www.andre-vallini.com\/index.php?rest_route=\/wp\/v2\/users\/1"}],"replies":[{"embeddable":true,"href":"http:\/\/www.andre-vallini.com\/index.php?rest_route=%2Fwp%2Fv2%2Fcomments&post=29"}],"version-history":[{"count":3,"href":"http:\/\/www.andre-vallini.com\/index.php?rest_route=\/wp\/v2\/posts\/29\/revisions"}],"predecessor-version":[{"id":39,"href":"http:\/\/www.andre-vallini.com\/index.php?rest_route=\/wp\/v2\/posts\/29\/revisions\/39"}],"wp:featuredmedia":[{"embeddable":true,"href":"http:\/\/www.andre-vallini.com\/index.php?rest_route=\/wp\/v2\/media\/31"}],"wp:attachment":[{"href":"http:\/\/www.andre-vallini.com\/index.php?rest_route=%2Fwp%2Fv2%2Fmedia&parent=29"}],"wp:term":[{"taxonomy":"category","embeddable":true,"href":"http:\/\/www.andre-vallini.com\/index.php?rest_route=%2Fwp%2Fv2%2Fcategories&post=29"},{"taxonomy":"post_tag","embeddable":true,"href":"http:\/\/www.andre-vallini.com\/index.php?rest_route=%2Fwp%2Fv2%2Ftags&post=29"}],"curies":[{"name":"wp","href":"https:\/\/api.w.org\/{rel}","templated":true}]}}